{"id":275,"date":"2021-05-05T06:12:36","date_gmt":"2021-05-05T06:12:36","guid":{"rendered":"https:\/\/www.gradinita14sibiu.ro\/?p=275"},"modified":"2021-05-05T06:12:36","modified_gmt":"2021-05-05T06:12:36","slug":"inscrierea-in-invatamantul-prescolar-2021-2022","status":"publish","type":"post","link":"https:\/\/www.gradinita14sibiu.ro\/index.php\/2021\/05\/05\/inscrierea-in-invatamantul-prescolar-2021-2022\/","title":{"rendered":"\u00censcrierea \u00een \u00eenv\u0103\u021b\u0103m\u00e2ntul pre\u0219colar 2021-2022"},"content":{"rendered":"<p>Pentru asigurarea cuprinderii copiilor cu v\u00e2rste \u00eentre 3 \u0219i 6 ani \u00een \u00eenv\u0103\u021b\u0103m\u00e2ntul pre\u0219colar,<\/p>\n<p>\u00een anul \u0219colar 2021-2022, se deruleaz\u0103, succesiv, urm\u0103toarele etape:<\/p>\n<ol>\n<li>a) <em><u>re\u00eenscrierea copiilor<\/u><\/em> care frecventeaz\u0103 Gr\u0103dini\u021ba cu program prelungit nr. 14 Sibiu \u00een acest an \u0219colar \u0219i care urmeaz\u0103 s\u0103 o frecventeze \u00een anul \u0219colar 2021-2022;<\/li>\n<\/ol>\n<p><strong>17.05.2021<\/strong><\/p>\n<p>&nbsp;<\/p>\n<ol>\n<li>b) <em><u>\u00eenscrierea copiilor nou veni\u021bi<\/u><\/em><u>;<\/u><\/li>\n<\/ol>\n<p>din <strong>31.05.2021<\/strong><\/p>\n<p><strong>\u00a0<\/strong><\/p>\n<p>Revenim \u0219i cu alte informa\u021bii! V\u0103 mul\u021bumim!<\/p>\n<p>Dir. prof. Petri\u0219an Alexandra-Doina<\/p>\n","protected":false},"excerpt":{"rendered":"<p>Pentru asigurarea cuprinderii copiilor cu v\u00e2rste \u00eentre 3 \u0219i 6 ani \u00een \u00eenv\u0103\u021b\u0103m\u00e2ntul pre\u0219colar, \u00een anul \u0219colar 2021-2022, se deruleaz\u0103, succesiv, urm\u0103toarele etape: a) re\u00eenscrierea copiilor care frecventeaz\u0103 Gr\u0103dini\u021ba cu program prelungit nr. 14 Sibiu \u00een acest an \u0219colar \u0219i [&hellip;]<\/p>\n","protected":false},"author":1,"featured_media":0,"comment_status":"open","ping_status":"open","sticky":false,"template":"","format":"standard","meta":{"footnotes":""},"categories":[3],"tags":[],"class_list":["post-275","post","type-post","status-publish","format-standard","hentry","category-evenimente"],"aioseo_notices":[],"_links":{"self":[{"href":"https:\/\/www.gradinita14sibiu.ro\/index.php\/wp-json\/wp\/v2\/posts\/275","targetHints":{"allow":["GET"]}}],"collection":[{"href":"https:\/\/www.gradinita14sibiu.ro\/index.php\/wp-json\/wp\/v2\/posts"}],"about":[{"href":"https:\/\/www.gradinita14sibiu.ro\/index.php\/wp-json\/wp\/v2\/types\/post"}],"author":[{"embeddable":true,"href":"https:\/\/www.gradinita14sibiu.ro\/index.php\/wp-json\/wp\/v2\/users\/1"}],"replies":[{"embeddable":true,"href":"https:\/\/www.gradinita14sibiu.ro\/index.php\/wp-json\/wp\/v2\/comments?post=275"}],"version-history":[{"count":3,"href":"https:\/\/www.gradinita14sibiu.ro\/index.php\/wp-json\/wp\/v2\/posts\/275\/revisions"}],"predecessor-version":[{"id":278,"href":"https:\/\/www.gradinita14sibiu.ro\/index.php\/wp-json\/wp\/v2\/posts\/275\/revisions\/278"}],"wp:attachment":[{"href":"https:\/\/www.gradinita14sibiu.ro\/index.php\/wp-json\/wp\/v2\/media?parent=275"}],"wp:term":[{"taxonomy":"category","embeddable":true,"href":"https:\/\/www.gradinita14sibiu.ro\/index.php\/wp-json\/wp\/v2\/categories?post=275"},{"taxonomy":"post_tag","embeddable":true,"href":"https:\/\/www.gradinita14sibiu.ro\/index.php\/wp-json\/wp\/v2\/tags?post=275"}],"curies":[{"name":"wp","href":"https:\/\/api.w.org\/{rel}","templated":true}]}}