{"id":687,"date":"2024-05-13T11:27:16","date_gmt":"2024-05-13T11:27:16","guid":{"rendered":"https:\/\/www.gradinita14sibiu.ro\/?p=687"},"modified":"2024-05-13T11:27:16","modified_gmt":"2024-05-13T11:27:16","slug":"inscriere-invatamant-anteprescolar","status":"publish","type":"post","link":"https:\/\/www.gradinita14sibiu.ro\/index.php\/2024\/05\/13\/inscriere-invatamant-anteprescolar\/","title":{"rendered":"\u00censcriere \u00eenv\u0103\u021b\u0103m\u00e2nt antepre\u0219colar"},"content":{"rendered":"<p><a href=\"https:\/\/www.gradinita14sibiu.ro\/wp-content\/uploads\/2024\/05\/Inscriere-Invatamant-Anteprescolar.pdf\">\u00censcriere \u00cenv\u0103\u021b\u0103m\u00e2nt Antepre\u015fcolar<\/a><\/p>\n","protected":false},"excerpt":{"rendered":"<p>\u00censcriere \u00cenv\u0103\u021b\u0103m\u00e2nt Antepre\u015fcolar<\/p>\n","protected":false},"author":1,"featured_media":0,"comment_status":"closed","ping_status":"closed","sticky":false,"template":"","format":"standard","meta":{"footnotes":""},"categories":[3],"tags":[],"class_list":["post-687","post","type-post","status-publish","format-standard","hentry","category-evenimente"],"aioseo_notices":[],"_links":{"self":[{"href":"https:\/\/www.gradinita14sibiu.ro\/index.php\/wp-json\/wp\/v2\/posts\/687","targetHints":{"allow":["GET"]}}],"collection":[{"href":"https:\/\/www.gradinita14sibiu.ro\/index.php\/wp-json\/wp\/v2\/posts"}],"about":[{"href":"https:\/\/www.gradinita14sibiu.ro\/index.php\/wp-json\/wp\/v2\/types\/post"}],"author":[{"embeddable":true,"href":"https:\/\/www.gradinita14sibiu.ro\/index.php\/wp-json\/wp\/v2\/users\/1"}],"replies":[{"embeddable":true,"href":"https:\/\/www.gradinita14sibiu.ro\/index.php\/wp-json\/wp\/v2\/comments?post=687"}],"version-history":[{"count":1,"href":"https:\/\/www.gradinita14sibiu.ro\/index.php\/wp-json\/wp\/v2\/posts\/687\/revisions"}],"predecessor-version":[{"id":690,"href":"https:\/\/www.gradinita14sibiu.ro\/index.php\/wp-json\/wp\/v2\/posts\/687\/revisions\/690"}],"wp:attachment":[{"href":"https:\/\/www.gradinita14sibiu.ro\/index.php\/wp-json\/wp\/v2\/media?parent=687"}],"wp:term":[{"taxonomy":"category","embeddable":true,"href":"https:\/\/www.gradinita14sibiu.ro\/index.php\/wp-json\/wp\/v2\/categories?post=687"},{"taxonomy":"post_tag","embeddable":true,"href":"https:\/\/www.gradinita14sibiu.ro\/index.php\/wp-json\/wp\/v2\/tags?post=687"}],"curies":[{"name":"wp","href":"https:\/\/api.w.org\/{rel}","templated":true}]}}